{"id":6635,"date":"2022-12-06T08:43:23","date_gmt":"2022-12-06T08:43:23","guid":{"rendered":"https:\/\/blog.montech-conveyors.com\/?p=6635"},"modified":"2023-02-06T05:03:55","modified_gmt":"2023-02-06T05:03:55","slug":"das-war-unser-2022","status":"publish","type":"post","link":"https:\/\/blog.montech-conveyors.com\/de\/das-war-unser-2022\/","title":{"rendered":"Das war unser 2022"},"content":{"rendered":"<div class=\"fusion-fullwidth fullwidth-box fusion-builder-row-1 fusion-flex-container nonhundred-percent-fullwidth non-hundred-percent-height-scrolling\" style=\"background-color: rgba(255,255,255,0);background-position: center center;background-repeat: no-repeat;border-width: 0px 0px 0px 0px;border-color:#eae9e9;border-style:solid;\" ><div class=\"fusion-builder-row fusion-row fusion-flex-align-items-flex-start\" style=\"max-width:1216.8px;margin-left: calc(-4% \/ 2 );margin-right: calc(-4% \/ 2 );\"><div class=\"fusion-layout-column fusion_builder_column fusion-builder-column-0 fusion_builder_column_1_1 1_1 fusion-flex-column\"><div class=\"fusion-column-wrapper fusion-flex-justify-content-flex-start fusion-content-layout-column\" style=\"background-position:left top;background-repeat:no-repeat;-webkit-background-size:cover;-moz-background-size:cover;-o-background-size:cover;background-size:cover;padding: 0px 0px 0px 0px;\"><div class=\"fusion-text fusion-text-1\"><p><strong><em>Corona, Krieg in der Ukraine, Inflation, Lieferketten- und Energiekrise \u2013 2022 war kein einfaches Jahr. Die geopolitische Situation hat auch uns vor Herausforderungen gestellt. Nichtsdestotrotz haben wir viele Highlights erlebt. Ein Blick zur\u00fcck und voraus. <\/em><\/strong><\/p>\n<h2><strong>Produkte mit Potenzial<\/strong><\/h2>\n<p>Erst vor ein paar Wochen konnten wir unsere \u00fcberarbeiteten Tisch- und Bodenst\u00e4nder zu den F\u00f6rderb\u00e4ndern <a style=\"color: #008a88;\" href=\"https:\/\/montech.com\/ch\/de\/foerderband-tb30-eingurt\/\">TB30 <\/a>und <a style=\"color: #008a88;\" href=\"https:\/\/montech.com\/ch\/de\/foerderband-tb40\/\">TB40 <\/a> erfolgreich auf den Markt bringen. Ihr neues Design ist schlanker und ihre Gestaltung flexibler. Zudem sind sie kosteng\u00fcnstiger und f\u00fcr das <a style=\"color: #008a88;\" href=\"https:\/\/montech.com\/ch\/de\/foerderband-tb40\/\">TB40 <\/a>gibt es nun eine gr\u00f6ssere Auswahl an Befestigungswinkeln. Die Lancierung ist gegl\u00fcckt und wir sind happy.<\/p>\n<p>Freude machte uns dieses Jahr auch unser neues Aluprofil System: Hierf\u00fcr konnten wir neue und wichtige Kunden gewinnen und so grosse Zellen wie nie zuvor realisieren. Damit hat sich das Potenzial des im 2021 eingef\u00fchrten Aluprofil Systems endg\u00fcltig best\u00e4tigt.<\/p>\n<p>Des Weiteren konnten wir mit Value Engineering das Transfersystem <a style=\"color: #008a88;\" href=\"https:\/\/montech.com\/ch\/de\/transfersystem-lt40\/\">LT40<\/a> weiterentwickeln und verbessern. Es ist nun noch zuverl\u00e4ssiger und liess uns grosse Projekte umsetzen.<\/p>\n<\/div><\/div><style type=\"text\/css\">.fusion-body .fusion-builder-column-0{width:100% !important;margin-top : 0px;margin-bottom : 20px;}.fusion-builder-column-0 > .fusion-column-wrapper {padding-top : 0px !important;padding-right : 0px !important;margin-right : 1.92%;padding-bottom : 0px !important;padding-left : 0px !important;margin-left : 1.92%;}@media only screen and (max-width:767px) {.fusion-body .fusion-builder-column-0{width:100% !important;order : 0;}.fusion-builder-column-0 > .fusion-column-wrapper {margin-right : 1.92%;margin-left : 1.92%;}}@media only screen and (max-width:575px) {.fusion-body .fusion-builder-column-0{width:100% !important;order : 0;}.fusion-builder-column-0 > .fusion-column-wrapper {margin-right : 1.92%;margin-left : 1.92%;}}<\/style><\/div><div class=\"fusion-layout-column fusion_builder_column fusion-builder-column-1 fusion_builder_column_1_3 1_3 fusion-flex-column\"><div class=\"fusion-column-wrapper fusion-flex-justify-content-flex-start fusion-content-layout-column\" style=\"background-position:left top;background-repeat:no-repeat;-webkit-background-size:cover;-moz-background-size:cover;-o-background-size:cover;background-size:cover;padding: 0px 0px 0px 0px;\"><div ><span class=\" fusion-imageframe imageframe-none imageframe-1 hover-type-none\" style=\"width:100%;max-width:300px;\"><img decoding=\"async\" width=\"1707\" height=\"2560\" title=\"_1CH3810_e\" src=\"https:\/\/blog.montech-conveyors.com\/wp-content\/uploads\/2022\/11\/1CH3810_e-scaled-e1670966332913.jpg\" class=\"img-responsive wp-image-6640\"\/><\/span><\/div><\/div><style type=\"text\/css\">.fusion-body .fusion-builder-column-1{width:33.333333333333% !important;margin-top : 0px;margin-bottom : 20px;}.fusion-builder-column-1 > .fusion-column-wrapper {padding-top : 0px !important;padding-right : 0px !important;margin-right : 5.76%;padding-bottom : 0px !important;padding-left : 0px !important;margin-left : 5.76%;}@media only screen and (max-width:767px) {.fusion-body .fusion-builder-column-1{width:100% !important;order : 0;}.fusion-builder-column-1 > .fusion-column-wrapper {margin-right : 1.92%;margin-left : 1.92%;}}@media only screen and (max-width:575px) {.fusion-body .fusion-builder-column-1{width:100% !important;order : 0;}.fusion-builder-column-1 > .fusion-column-wrapper {margin-right : 1.92%;margin-left : 1.92%;}}<\/style><\/div><div class=\"fusion-layout-column fusion_builder_column fusion-builder-column-2 fusion_builder_column_2_3 2_3 fusion-flex-column\"><div class=\"fusion-column-wrapper fusion-flex-justify-content-flex-start fusion-content-layout-column\" style=\"background-position:left top;background-repeat:no-repeat;-webkit-background-size:cover;-moz-background-size:cover;-o-background-size:cover;background-size:cover;padding: 0px 0px 0px 0px;\"><div class=\"fusion-text fusion-text-2\"><h2><strong>Lieferprobleme? Fehlanzeige!<\/strong><\/h2>\n<p>Die Lieferketten wurden dieses Jahr aufgrund der Coronapandemie und der geopolitischen Spannungen m\u00e4chtig durcheinandergebracht. Umso stolzer sind wir, dass wir unsere Lieferf\u00e4higkeit zu jedem Zeitpunkt wie gewohnt aufrechterhalten konnten. Dank Rahmenauftr\u00e4gen kam es weder zu Verz\u00f6gerungen noch zu Schwierigkeiten. Auch die Preisstabilit\u00e4t unserer Produkte konnten wir gew\u00e4hrleisten. Erh\u00f6hungen der Verkaufspreise mussten wir \u2013 ebenfalls dank Rahmenauftr\u00e4gen \u2013 nur moderat vornehmen.<\/p>\n<h2>Nachwuchs gesichert<\/h2>\n<p>Noch nie war es so schwierig, Lehrstellen zu besetzen. Dass wir bereits alle unsere Lehrstellen f\u00fcr kommenden Sommer erfolgreich vergeben konnten, stimmt uns deshalb besonders freudig und zuversichtlich. Im August 2023 werden ein Logistiker, ein Produktionsmechaniker und zwei Konstrukteure bei Montech in die Berufswelt einsteigen. Wir freuen uns auf unseren Nachwuchs!<\/p>\n<\/div><\/div><style type=\"text\/css\">.fusion-body .fusion-builder-column-2{width:66.666666666667% !important;margin-top : 0px;margin-bottom : 20px;}.fusion-builder-column-2 > .fusion-column-wrapper {padding-top : 0px !important;padding-right : 0px !important;margin-right : 2.88%;padding-bottom : 0px !important;padding-left : 0px !important;margin-left : 2.88%;}@media only screen and (max-width:767px) {.fusion-body .fusion-builder-column-2{width:100% !important;order : 0;}.fusion-builder-column-2 > .fusion-column-wrapper {margin-right : 1.92%;margin-left : 1.92%;}}@media only screen and (max-width:575px) {.fusion-body .fusion-builder-column-2{width:100% !important;order : 0;}.fusion-builder-column-2 > .fusion-column-wrapper {margin-right : 1.92%;margin-left : 1.92%;}}<\/style><\/div><div class=\"fusion-layout-column fusion_builder_column fusion-builder-column-3 fusion_builder_column_1_1 1_1 fusion-flex-column\"><div class=\"fusion-column-wrapper fusion-flex-justify-content-flex-start fusion-content-layout-column\" style=\"background-position:left top;background-repeat:no-repeat;-webkit-background-size:cover;-moz-background-size:cover;-o-background-size:cover;background-size:cover;padding: 0px 0px 0px 0px;\"><div class=\"fusion-text fusion-text-3\"><h2><strong>US-Tochterfirma auf Erfolgskurs<\/strong><\/h2>\n<p>Erfolgsmeldungen lassen sich auch aus den USA verlauten. Unsere Tochterfirma Montech Conveyors Corp. mit Sitz in Huntersville im Bundesstaat North Carolina startet nach der tempor\u00e4ren Schliessung w\u00e4hrend der Coronapandemie wieder durch. Die Gesch\u00e4fte entwickeln sich erfreulich und wir sind auf Kurs.<\/p>\n<h2><strong>Auch 2023 bleibt es spannend&#8230;<\/strong><\/h2>\n<p>Unseren Innovationsgeist und Elan nehmen wir mit ins neue Jahr. Wir werden auch weiterhin alles daran setzen, unseren Kundinnen und Kunden fortschrittliche Produkte, L\u00f6sungen und Services im Bereich von innovativen F\u00f6rderb\u00e4ndern und Profilsystemen zu einem weltweit f\u00fchrenden Preis-Leistungs-Verh\u00e4ltnis anzubieten. Bereits heute d\u00fcrfen Sie sich auf eine Produktneuheit Anfang Jahr freuen: Mit den Rollenbahnen lancieren wir eine weitere wichtige Komponente f\u00fcr unseren modularen Baukasten \u2013 konfigurierbar, schnell lieferbar und kosteng\u00fcnstig.<\/p>\n<\/div><\/div><style type=\"text\/css\">.fusion-body .fusion-builder-column-3{width:100% !important;margin-top : 0px;margin-bottom : 20px;}.fusion-builder-column-3 > .fusion-column-wrapper {padding-top : 0px !important;padding-right : 0px !important;margin-right : 1.92%;padding-bottom : 0px !important;padding-left : 0px !important;margin-left : 1.92%;}@media only screen and (max-width:767px) {.fusion-body .fusion-builder-column-3{width:100% !important;order : 0;}.fusion-builder-column-3 > .fusion-column-wrapper {margin-right : 1.92%;margin-left : 1.92%;}}@media only screen and (max-width:575px) {.fusion-body .fusion-builder-column-3{width:100% !important;order : 0;}.fusion-builder-column-3 > .fusion-column-wrapper {margin-right : 1.92%;margin-left : 1.92%;}}<\/style><\/div><\/div><style type=\"text\/css\">.fusion-body .fusion-flex-container.fusion-builder-row-1{ padding-top : 0px;margin-top : 0px;padding-right : 0px;padding-bottom : 0px;margin-bottom : 0px;padding-left : 0px;}<\/style><\/div>\n","protected":false},"excerpt":{"rendered":"","protected":false},"author":1,"featured_media":6644,"comment_status":"open","ping_status":"open","sticky":false,"template":"","format":"standard","meta":{"footnotes":""},"categories":[243],"tags":[],"class_list":["post-6635","post","type-post","status-publish","format-standard","has-post-thumbnail","hentry","category-inside-montech"],"yoast_head":"<!-- This site is optimized with the Yoast SEO plugin v26.8 - https:\/\/yoast.com\/product\/yoast-seo-wordpress\/ -->\n<title>Das war unser 2022 - Montech News<\/title>\n<meta name=\"robots\" content=\"index, follow, max-snippet:-1, max-image-preview:large, max-video-preview:-1\" \/>\n<link rel=\"canonical\" href=\"https:\/\/blog.montech-conveyors.com\/de\/das-war-unser-2022\/\" \/>\n<meta property=\"og:locale\" content=\"de_DE\" \/>\n<meta property=\"og:type\" content=\"article\" \/>\n<meta property=\"og:title\" content=\"Das war unser 2022 - Montech News\" \/>\n<meta property=\"og:url\" content=\"https:\/\/blog.montech-conveyors.com\/de\/das-war-unser-2022\/\" \/>\n<meta property=\"og:site_name\" content=\"Montech News\" \/>\n<meta property=\"article:published_time\" content=\"2022-12-06T08:43:23+00:00\" \/>\n<meta property=\"article:modified_time\" content=\"2023-02-06T05:03:55+00:00\" \/>\n<meta property=\"og:image\" content=\"https:\/\/blog.montech-conveyors.com\/wp-content\/uploads\/2022\/11\/DJI_0089-scaled-e1669105996395.jpg\" \/>\n\t<meta property=\"og:image:width\" content=\"2560\" \/>\n\t<meta property=\"og:image:height\" content=\"972\" \/>\n\t<meta property=\"og:image:type\" content=\"image\/jpeg\" \/>\n<meta name=\"author\" content=\"Daniel Pauli | CEO\" \/>\n<meta name=\"twitter:card\" content=\"summary_large_image\" \/>\n<meta name=\"twitter:label1\" content=\"Verfasst von\" \/>\n\t<meta name=\"twitter:data1\" content=\"Daniel Pauli | CEO\" \/>\n\t<meta name=\"twitter:label2\" content=\"Gesch\u00e4tzte Lesezeit\" \/>\n\t<meta name=\"twitter:data2\" content=\"4\u00a0Minuten\" \/>\n<script type=\"application\/ld+json\" class=\"yoast-schema-graph\">{\"@context\":\"https:\/\/schema.org\",\"@graph\":[{\"@type\":\"Article\",\"@id\":\"https:\/\/blog.montech-conveyors.com\/de\/das-war-unser-2022\/#article\",\"isPartOf\":{\"@id\":\"https:\/\/blog.montech-conveyors.com\/de\/das-war-unser-2022\/\"},\"author\":{\"name\":\"Daniel Pauli | CEO\",\"@id\":\"https:\/\/blog.montech.com\/#\/schema\/person\/df3a98dbbc6bcee0ec72ba488367444d\"},\"headline\":\"Das war unser 2022\",\"datePublished\":\"2022-12-06T08:43:23+00:00\",\"dateModified\":\"2023-02-06T05:03:55+00:00\",\"mainEntityOfPage\":{\"@id\":\"https:\/\/blog.montech-conveyors.com\/de\/das-war-unser-2022\/\"},\"wordCount\":1739,\"commentCount\":0,\"image\":{\"@id\":\"https:\/\/blog.montech-conveyors.com\/de\/das-war-unser-2022\/#primaryimage\"},\"thumbnailUrl\":\"https:\/\/blog.montech-conveyors.com\/wp-content\/uploads\/2022\/11\/DJI_0089-scaled-e1669105996395.jpg\",\"articleSection\":[\"Inside Montech\"],\"inLanguage\":\"de\",\"potentialAction\":[{\"@type\":\"CommentAction\",\"name\":\"Comment\",\"target\":[\"https:\/\/blog.montech-conveyors.com\/de\/das-war-unser-2022\/#respond\"]}]},{\"@type\":\"WebPage\",\"@id\":\"https:\/\/blog.montech-conveyors.com\/de\/das-war-unser-2022\/\",\"url\":\"https:\/\/blog.montech-conveyors.com\/de\/das-war-unser-2022\/\",\"name\":\"Das war unser 2022 - Montech News\",\"isPartOf\":{\"@id\":\"https:\/\/blog.montech.com\/#website\"},\"primaryImageOfPage\":{\"@id\":\"https:\/\/blog.montech-conveyors.com\/de\/das-war-unser-2022\/#primaryimage\"},\"image\":{\"@id\":\"https:\/\/blog.montech-conveyors.com\/de\/das-war-unser-2022\/#primaryimage\"},\"thumbnailUrl\":\"https:\/\/blog.montech-conveyors.com\/wp-content\/uploads\/2022\/11\/DJI_0089-scaled-e1669105996395.jpg\",\"datePublished\":\"2022-12-06T08:43:23+00:00\",\"dateModified\":\"2023-02-06T05:03:55+00:00\",\"author\":{\"@id\":\"https:\/\/blog.montech.com\/#\/schema\/person\/df3a98dbbc6bcee0ec72ba488367444d\"},\"breadcrumb\":{\"@id\":\"https:\/\/blog.montech-conveyors.com\/de\/das-war-unser-2022\/#breadcrumb\"},\"inLanguage\":\"de\",\"potentialAction\":[{\"@type\":\"ReadAction\",\"target\":[\"https:\/\/blog.montech-conveyors.com\/de\/das-war-unser-2022\/\"]}]},{\"@type\":\"ImageObject\",\"inLanguage\":\"de\",\"@id\":\"https:\/\/blog.montech-conveyors.com\/de\/das-war-unser-2022\/#primaryimage\",\"url\":\"https:\/\/blog.montech-conveyors.com\/wp-content\/uploads\/2022\/11\/DJI_0089-scaled-e1669105996395.jpg\",\"contentUrl\":\"https:\/\/blog.montech-conveyors.com\/wp-content\/uploads\/2022\/11\/DJI_0089-scaled-e1669105996395.jpg\",\"width\":2560,\"height\":972},{\"@type\":\"BreadcrumbList\",\"@id\":\"https:\/\/blog.montech-conveyors.com\/de\/das-war-unser-2022\/#breadcrumb\",\"itemListElement\":[{\"@type\":\"ListItem\",\"position\":1,\"name\":\"Home\",\"item\":\"https:\/\/www.blog.montech.com\/de\/\"},{\"@type\":\"ListItem\",\"position\":2,\"name\":\"Das war unser 2022\"}]},{\"@type\":\"WebSite\",\"@id\":\"https:\/\/blog.montech.com\/#website\",\"url\":\"https:\/\/blog.montech.com\/\",\"name\":\"Montech News\",\"description\":\"Montech News\",\"potentialAction\":[{\"@type\":\"SearchAction\",\"target\":{\"@type\":\"EntryPoint\",\"urlTemplate\":\"https:\/\/blog.montech.com\/?s={search_term_string}\"},\"query-input\":{\"@type\":\"PropertyValueSpecification\",\"valueRequired\":true,\"valueName\":\"search_term_string\"}}],\"inLanguage\":\"de\"},{\"@type\":\"Person\",\"@id\":\"https:\/\/blog.montech.com\/#\/schema\/person\/df3a98dbbc6bcee0ec72ba488367444d\",\"name\":\"Daniel Pauli | CEO\",\"image\":{\"@type\":\"ImageObject\",\"inLanguage\":\"de\",\"@id\":\"https:\/\/blog.montech.com\/#\/schema\/person\/image\/\",\"url\":\"https:\/\/blog.montech-conveyors.com\/wp-content\/uploads\/2022\/05\/Dani_Pauli_3_1820x2210.png\",\"contentUrl\":\"https:\/\/blog.montech-conveyors.com\/wp-content\/uploads\/2022\/05\/Dani_Pauli_3_1820x2210.png\",\"caption\":\"Daniel Pauli | CEO\"},\"url\":\"#molongui-disabled-link\"}]}<\/script>\n<!-- \/ Yoast SEO plugin. -->","yoast_head_json":{"title":"Das war unser 2022 - Montech News","robots":{"index":"index","follow":"follow","max-snippet":"max-snippet:-1","max-image-preview":"max-image-preview:large","max-video-preview":"max-video-preview:-1"},"canonical":"https:\/\/blog.montech-conveyors.com\/de\/das-war-unser-2022\/","og_locale":"de_DE","og_type":"article","og_title":"Das war unser 2022 - Montech News","og_url":"https:\/\/blog.montech-conveyors.com\/de\/das-war-unser-2022\/","og_site_name":"Montech News","article_published_time":"2022-12-06T08:43:23+00:00","article_modified_time":"2023-02-06T05:03:55+00:00","og_image":[{"width":2560,"height":972,"url":"https:\/\/blog.montech-conveyors.com\/wp-content\/uploads\/2022\/11\/DJI_0089-scaled-e1669105996395.jpg","type":"image\/jpeg"}],"author":"Daniel Pauli | CEO","twitter_card":"summary_large_image","twitter_misc":{"Verfasst von":"Daniel Pauli | CEO","Gesch\u00e4tzte Lesezeit":"4\u00a0Minuten"},"schema":{"@context":"https:\/\/schema.org","@graph":[{"@type":"Article","@id":"https:\/\/blog.montech-conveyors.com\/de\/das-war-unser-2022\/#article","isPartOf":{"@id":"https:\/\/blog.montech-conveyors.com\/de\/das-war-unser-2022\/"},"author":{"name":"Daniel Pauli | CEO","@id":"https:\/\/blog.montech.com\/#\/schema\/person\/df3a98dbbc6bcee0ec72ba488367444d"},"headline":"Das war unser 2022","datePublished":"2022-12-06T08:43:23+00:00","dateModified":"2023-02-06T05:03:55+00:00","mainEntityOfPage":{"@id":"https:\/\/blog.montech-conveyors.com\/de\/das-war-unser-2022\/"},"wordCount":1739,"commentCount":0,"image":{"@id":"https:\/\/blog.montech-conveyors.com\/de\/das-war-unser-2022\/#primaryimage"},"thumbnailUrl":"https:\/\/blog.montech-conveyors.com\/wp-content\/uploads\/2022\/11\/DJI_0089-scaled-e1669105996395.jpg","articleSection":["Inside Montech"],"inLanguage":"de","potentialAction":[{"@type":"CommentAction","name":"Comment","target":["https:\/\/blog.montech-conveyors.com\/de\/das-war-unser-2022\/#respond"]}]},{"@type":"WebPage","@id":"https:\/\/blog.montech-conveyors.com\/de\/das-war-unser-2022\/","url":"https:\/\/blog.montech-conveyors.com\/de\/das-war-unser-2022\/","name":"Das war unser 2022 - Montech News","isPartOf":{"@id":"https:\/\/blog.montech.com\/#website"},"primaryImageOfPage":{"@id":"https:\/\/blog.montech-conveyors.com\/de\/das-war-unser-2022\/#primaryimage"},"image":{"@id":"https:\/\/blog.montech-conveyors.com\/de\/das-war-unser-2022\/#primaryimage"},"thumbnailUrl":"https:\/\/blog.montech-conveyors.com\/wp-content\/uploads\/2022\/11\/DJI_0089-scaled-e1669105996395.jpg","datePublished":"2022-12-06T08:43:23+00:00","dateModified":"2023-02-06T05:03:55+00:00","author":{"@id":"https:\/\/blog.montech.com\/#\/schema\/person\/df3a98dbbc6bcee0ec72ba488367444d"},"breadcrumb":{"@id":"https:\/\/blog.montech-conveyors.com\/de\/das-war-unser-2022\/#breadcrumb"},"inLanguage":"de","potentialAction":[{"@type":"ReadAction","target":["https:\/\/blog.montech-conveyors.com\/de\/das-war-unser-2022\/"]}]},{"@type":"ImageObject","inLanguage":"de","@id":"https:\/\/blog.montech-conveyors.com\/de\/das-war-unser-2022\/#primaryimage","url":"https:\/\/blog.montech-conveyors.com\/wp-content\/uploads\/2022\/11\/DJI_0089-scaled-e1669105996395.jpg","contentUrl":"https:\/\/blog.montech-conveyors.com\/wp-content\/uploads\/2022\/11\/DJI_0089-scaled-e1669105996395.jpg","width":2560,"height":972},{"@type":"BreadcrumbList","@id":"https:\/\/blog.montech-conveyors.com\/de\/das-war-unser-2022\/#breadcrumb","itemListElement":[{"@type":"ListItem","position":1,"name":"Home","item":"https:\/\/www.blog.montech.com\/de\/"},{"@type":"ListItem","position":2,"name":"Das war unser 2022"}]},{"@type":"WebSite","@id":"https:\/\/blog.montech.com\/#website","url":"https:\/\/blog.montech.com\/","name":"Montech News","description":"Montech News","potentialAction":[{"@type":"SearchAction","target":{"@type":"EntryPoint","urlTemplate":"https:\/\/blog.montech.com\/?s={search_term_string}"},"query-input":{"@type":"PropertyValueSpecification","valueRequired":true,"valueName":"search_term_string"}}],"inLanguage":"de"},{"@type":"Person","@id":"https:\/\/blog.montech.com\/#\/schema\/person\/df3a98dbbc6bcee0ec72ba488367444d","name":"Daniel Pauli | CEO","image":{"@type":"ImageObject","inLanguage":"de","@id":"https:\/\/blog.montech.com\/#\/schema\/person\/image\/","url":"https:\/\/blog.montech-conveyors.com\/wp-content\/uploads\/2022\/05\/Dani_Pauli_3_1820x2210.png","contentUrl":"https:\/\/blog.montech-conveyors.com\/wp-content\/uploads\/2022\/05\/Dani_Pauli_3_1820x2210.png","caption":"Daniel Pauli | CEO"},"url":"#molongui-disabled-link"}]}},"_links":{"self":[{"href":"https:\/\/blog.montech-conveyors.com\/de\/wp-json\/wp\/v2\/posts\/6635","targetHints":{"allow":["GET"]}}],"collection":[{"href":"https:\/\/blog.montech-conveyors.com\/de\/wp-json\/wp\/v2\/posts"}],"about":[{"href":"https:\/\/blog.montech-conveyors.com\/de\/wp-json\/wp\/v2\/types\/post"}],"author":[{"embeddable":true,"href":"https:\/\/blog.montech-conveyors.com\/de\/wp-json\/wp\/v2\/users\/1"}],"replies":[{"embeddable":true,"href":"https:\/\/blog.montech-conveyors.com\/de\/wp-json\/wp\/v2\/comments?post=6635"}],"version-history":[{"count":17,"href":"https:\/\/blog.montech-conveyors.com\/de\/wp-json\/wp\/v2\/posts\/6635\/revisions"}],"predecessor-version":[{"id":6676,"href":"https:\/\/blog.montech-conveyors.com\/de\/wp-json\/wp\/v2\/posts\/6635\/revisions\/6676"}],"wp:featuredmedia":[{"embeddable":true,"href":"https:\/\/blog.montech-conveyors.com\/de\/wp-json\/wp\/v2\/media\/6644"}],"wp:attachment":[{"href":"https:\/\/blog.montech-conveyors.com\/de\/wp-json\/wp\/v2\/media?parent=6635"}],"wp:term":[{"taxonomy":"category","embeddable":true,"href":"https:\/\/blog.montech-conveyors.com\/de\/wp-json\/wp\/v2\/categories?post=6635"},{"taxonomy":"post_tag","embeddable":true,"href":"https:\/\/blog.montech-conveyors.com\/de\/wp-json\/wp\/v2\/tags?post=6635"}],"curies":[{"name":"wp","href":"https:\/\/api.w.org\/{rel}","templated":true}]}}