{"id":7696,"date":"2025-01-02T07:17:41","date_gmt":"2025-01-02T07:17:41","guid":{"rendered":"https:\/\/blog.montech-conveyors.com\/?p=7696"},"modified":"2025-03-04T06:24:06","modified_gmt":"2025-03-04T06:24:06","slug":"60-jahre-montech-ein-blick-zurueck-und-in-die-zukunft","status":"publish","type":"post","link":"https:\/\/blog.montech-conveyors.com\/de\/60-jahre-montech-ein-blick-zurueck-und-in-die-zukunft\/","title":{"rendered":"60 Jahre Montech: Ein Blick zur\u00fcck \u2013 und in die Zukunft"},"content":{"rendered":"<p><div class=\"fusion-fullwidth fullwidth-box fusion-builder-row-1 fusion-flex-container nonhundred-percent-fullwidth non-hundred-percent-height-scrolling\" style=\"background-color: rgba(255,255,255,0);background-position: center center;background-repeat: no-repeat;border-width: 0px 0px 0px 0px;border-color:#eae9e9;border-style:solid;\" ><div class=\"fusion-builder-row fusion-row fusion-flex-align-items-flex-start\" style=\"max-width:1216.8px;margin-left: calc(-4% \/ 2 );margin-right: calc(-4% \/ 2 );\"><div class=\"fusion-layout-column fusion_builder_column fusion-builder-column-0 fusion_builder_column_1_1 1_1 fusion-flex-column\"><div class=\"fusion-column-wrapper fusion-flex-justify-content-flex-start fusion-content-layout-column\" style=\"background-position:left top;background-repeat:no-repeat;-webkit-background-size:cover;-moz-background-size:cover;-o-background-size:cover;background-size:cover;padding: 0px 0px 0px 0px;\"><div class=\"fusion-text fusion-text-1\"><p><strong><em>2024 markierte einen bedeutenden Meilenstein f\u00fcr Montech: 60 Jahre Firmengeschichte, gepr\u00e4gt von Innovation, Pr\u00e4zision und Wandel. Von den Anf\u00e4ngen als Anlagenbauer bis zu einem f\u00fchrenden F\u00f6rdertechnikunternehmen \u2013 wir sind stolz auf unsere Vergangenheit und blicken mutig in die Zukunft.<\/em><\/strong><\/p>\n<p>Was als Anlagenbauer f\u00fcr die Schweizer Uhrenindustrie begann, hat sich \u00fcber sechs Jahrzehnte hinweg zu einem f\u00fchrenden Anbieter f\u00fcr F\u00f6rderb\u00e4nder, Aluprofil Systeme und Transfersysteme entwickelt. Seit unserer Gr\u00fcndung im Jahr 1964 standen f\u00fcr Montech immer dieselben Prinzipien im Vordergrund: Kundenorientierung, Innovation, Qualit\u00e4t und Pr\u00e4zision. Diese Werte pr\u00e4gen uns bis heute und haben uns durch viele H\u00f6hen und Tiefen getragen. Besonders stolz sind wir auf unser Team \u2013 viele unserer Mitarbeitenden sind seit Jahrzehnten bei uns und leben diese Werte jeden Tag.<\/p>\n<h2>Vom Anlagenbau zum modularen Komponentengesch\u00e4ft<\/h2>\n<p>Ein Wendepunkt in unserer Geschichte war die strategische Entscheidung in den 1990er-Jahren, uns vom Anlagenbau abzuwenden und uns auf das Komponentengesch\u00e4ft zu fokussieren. Diese Weichenstellung hat uns den Weg f\u00fcr ein nachhaltiges Wachstum geebnet und liess uns im Bereich der modularen F\u00f6rder- und Automatisierungssysteme eine Nische etablieren. Unser Einstieg in die Welt der modularen F\u00f6rder- und Automatisierungssysteme war damals vision\u00e4r, unsere Produkte innovativ.<\/p>\n<h2>Herausforderungen und Chancen<\/h2>\n<p>Die letzten Jahrzehnte waren aber auch gepr\u00e4gt von bedeutenden Herausforderungen: der Zusammenbruch des Handymarktes, die Finanzkrise, die Aufhebung des Euro-Mindestkurses und zuletzt die Corona-Pandemie. Jede dieser Krisen war ein H\u00e4rtetest \u2013 aber sie waren auch Chancen, um uns neu zu erfinden. Heute profitieren wir von den Innovationen, die in diesen Phasen entstanden sind.<\/p>\n<h2>Innovation im Fokus<\/h2>\n<p>Unser Ziel war und ist es, den Standard in der F\u00f6rder- und Profiltechnik st\u00e4ndig zu verbessern. Unsere neuesten Entwicklungen setzen auf Effizienz und Nachhaltigkeit \u2013 zwei zentrale Themen f\u00fcr die Zukunft der Industrie. Mit unserem vielseitigen Portfolio und der stetigen Weiterentwicklung unseres Online-Konfigurators untermauern wir unsere Position als starker Partner f\u00fcr Unternehmen weltweit. Auch im Jahr 2024 haben wir unser Sortiment erneut erweitert, beispielsweise mit neuen Komponenten f\u00fcr unser Aluprofil System MPS oder der neuen F\u00f6rderbandlinie f\u00fcr den Reinraum. Damit zeigen wir, dass unser Streben nach Fortschritt ungebrochen ist.<\/p>\n<h2>Unsere Vision: bescheiden, aber ambitioniert<\/h2>\n<p>Unsere Reise ist selbst nach 60 Jahren noch lange nicht vorbei. Wir glauben fest daran, dass unser Potenzial f\u00fcr Produktinnovationen und Wachstum noch riesig ist. Dabei bleiben wir bodenst\u00e4ndig. Wir verlassen uns auch weiterhin auf unsere Kernwerte und meistern Krisen gemeinsam als Team, f\u00f6rdern Wachstum und schaffen ein Arbeitsumfeld, in dem sich alle Mitarbeitenden entwickeln k\u00f6nnen.<\/p>\n<h2>Gemeinsam in die Zukunft<\/h2>\n<p>Unser Jubil\u00e4um war nicht nur ein Moment des R\u00fcck- und Ausblicks, sondern auch eine Gelegenheit, Danke zu sagen \u2013 vor allem unseren Mitarbeitenden, die dieses Unternehmen ausmachen. Denn wir wissen: Ohne sie w\u00e4re Montech nicht das, was es heute ist. F\u00fcr die Zukunft w\u00fcnschen wir uns, dass wir unsere Erfolgsgeschichte fortschreiben k\u00f6nnen \u2013 mit kreativen L\u00f6sungen, Innovationen und einem starken Teamgeist. Auf die n\u00e4chsten 60 Jahre Montech!<\/p>\n<\/div><\/div><style type=\"text\/css\">.fusion-body .fusion-builder-column-0{width:100% !important;margin-top : 0px;margin-bottom : 20px;}.fusion-builder-column-0 > .fusion-column-wrapper {padding-top : 0px !important;padding-right : 0px !important;margin-right : 1.92%;padding-bottom : 0px !important;padding-left : 0px !important;margin-left : 1.92%;}@media only screen and (max-width:767px) {.fusion-body .fusion-builder-column-0{width:100% !important;order : 0;}.fusion-builder-column-0 > .fusion-column-wrapper {margin-right : 1.92%;margin-left : 1.92%;}}@media only screen and (max-width:575px) {.fusion-body .fusion-builder-column-0{width:100% !important;order : 0;}.fusion-builder-column-0 > .fusion-column-wrapper {margin-right : 1.92%;margin-left : 1.92%;}}<\/style><\/div><\/div><style type=\"text\/css\">.fusion-body .fusion-flex-container.fusion-builder-row-1{ padding-top : 0px;margin-top : 0px;padding-right : 0px;padding-bottom : 0px;margin-bottom : 0px;padding-left : 0px;}<\/style><\/div><div class=\"fusion-fullwidth fullwidth-box fusion-builder-row-2 fusion-flex-container nonhundred-percent-fullwidth non-hundred-percent-height-scrolling\" style=\"background-color: rgba(255,255,255,0);background-position: center center;background-repeat: no-repeat;border-width: 0px 0px 0px 0px;border-color:#eae9e9;border-style:solid;\" ><div class=\"fusion-builder-row fusion-row fusion-flex-align-items-flex-start\" style=\"max-width:1216.8px;margin-left: calc(-4% \/ 2 );margin-right: calc(-4% \/ 2 );\"><div class=\"fusion-layout-column fusion_builder_column fusion-builder-column-1 fusion_builder_column_1_1 1_1 fusion-flex-column\"><div class=\"fusion-column-wrapper fusion-flex-justify-content-flex-start fusion-content-layout-column\" style=\"background-position:left top;background-repeat:no-repeat;-webkit-background-size:cover;-moz-background-size:cover;-o-background-size:cover;background-size:cover;padding: 0px 0px 0px 0px;\"><style type=\"text\/css\">.fusion-title.fusion-title-1 svg path{stroke:#088a88!important}.fusion-title.fusion-title-1 svg path{stroke-width:4!important}@media only screen and (max-width:767px) {.fusion-title.fusion-title-1{margin-top:25px!important; margin-right:0px!important;margin-bottom:50px!important;margin-left:0px!important;}}@media only screen and (max-width:575px) {.fusion-title.fusion-title-1{margin-top:0px!important; margin-right:0px!important;margin-bottom:20px!important; margin-left:0px!important;}}<\/style><div class=\"fusion-title title fusion-title-1 fusion-sep-none fusion-title-highlight fusion-loop-off fusion-highlight-circle fusion-title-size-one\" style=\"font-size:50px;margin-top:25px;margin-right:0px;margin-bottom:50px;margin-left:0px;\" data-highlight=\"circle\"><h1 class=\"title-heading-left fusion-responsive-typography-calculated\" style=\"margin:0;font-size:1em;--fontSize:50;line-height:1.14;\"><span class=\"fusion-highlighted-text-prefix\">Lesen Sie unsere<\/span> <span class=\"fusion-highlighted-text-wrapper\"><span class=\"fusion-highlighted-text\">neuesten<\/span><\/span> <span class=\"fusion-highlighted-text-postfix\">Artikel<\/span><\/h1><\/div><div class=\"fusion-recent-posts fusion-recent-posts-1 avada-container layout-default layout-columns-3\"><section class=\"fusion-columns columns fusion-columns-3 columns-3\"><article class=\"post fusion-column column col col-lg-4 col-md-4 col-sm-4\"><div class=\"fusion-flexslider fusion-flexslider-loading flexslider flexslider-hover-type-none\"><ul class=\"slides\"><li><a href=\"https:\/\/blog.montech-conveyors.com\/de\/diese-10-fragen-helfen-ihnen-bei-der-wahl-des-richtigen-foerderbands\/\" aria-label=\"Diese 10 Fragen helfen Ihnen bei der Wahl des richtigen F\u00f6rderbands\" class=\"hover-type-none\"><img decoding=\"async\" width=\"700\" height=\"441\" src=\"https:\/\/blog.montech-conveyors.com\/wp-content\/uploads\/2022\/02\/image_2022_02_24T17_08_13_267Z-700x441.png\" class=\"attachment-recent-posts size-recent-posts\" alt=\"conveyors\" srcset=\"https:\/\/blog.montech-conveyors.com\/wp-content\/uploads\/2022\/02\/image_2022_02_24T17_08_13_267Z-320x202.png 320w, https:\/\/blog.montech-conveyors.com\/wp-content\/uploads\/2022\/02\/image_2022_02_24T17_08_13_267Z-700x441.png 700w\" sizes=\"(max-width: 700px) 100vw, 700px\" \/><\/a><\/li><\/ul><\/div><div class=\"recent-posts-content\"><span class=\"vcard\" style=\"display: none;\"><span class=\"fn\"><a href=\"https:\/\/blog.montech-conveyors.com\/de\/author\/admin\/\" rel=\"author\" class=\"molongui-author-link\" data-author-id=\"1\">Montech<\/a><\/span><\/span><span class=\"updated\" style=\"display:none;\">2025-07-03T09:08:38+00:00<\/span><h4 class=\"entry-title\"><a href=\"https:\/\/blog.montech-conveyors.com\/de\/diese-10-fragen-helfen-ihnen-bei-der-wahl-des-richtigen-foerderbands\/\">Diese 10 Fragen helfen Ihnen bei der Wahl des richtigen F\u00f6rderbands<\/a><\/h4><p class=\"meta\"><span class=\"vcard\" style=\"display: none;\"><span class=\"fn\"><a href=\"https:\/\/blog.montech-conveyors.com\/de\/author\/admin\/\" rel=\"author\" class=\"molongui-author-link\" data-author-id=\"1\">Montech<\/a><\/span><\/span><span class=\"updated\" style=\"display:none;\">2025-07-03T09:08:38+00:00<\/span><span>Juni 2025<\/span><span class=\"fusion-inline-sep\">|<\/span><\/p><a href=\"https:\/\/blog.montech-conveyors.com\/de\/diese-10-fragen-helfen-ihnen-bei-der-wahl-des-richtigen-foerderbands\/\"><p>Die Wahl des passenden F\u00f6rderbands ist ein entscheidender Faktor f\u00fcr den Erfolg und die Effizienz Ihrer Produktionsprozesse. Ein gut ausgew\u00e4hltes Transportband kann den Materialfluss optimieren, die Betriebskosten senken und die Sicherheit am Arbeitsplatz erh\u00f6hen. Wir<\/p><\/a><\/div><\/article><article class=\"post fusion-column column col col-lg-4 col-md-4 col-sm-4\"><div class=\"fusion-flexslider fusion-flexslider-loading flexslider flexslider-hover-type-none\"><ul class=\"slides\"><li><a href=\"https:\/\/blog.montech-conveyors.com\/de\/25-jahre-partnerschaft-wie-unsere-loesungen-asytec-nach-vorne-bringen\/\" aria-label=\"25 Jahre Partnerschaft: Wie unsere L\u00f6sungen Asytec nach vorne bringen\" class=\"hover-type-none\"><img decoding=\"async\" width=\"700\" height=\"441\" src=\"https:\/\/blog.montech-conveyors.com\/wp-content\/uploads\/2025\/02\/A040_11101731_S001_1600x560-700x441.jpg\" class=\"attachment-recent-posts size-recent-posts\" alt=\"\" srcset=\"https:\/\/blog.montech-conveyors.com\/wp-content\/uploads\/2025\/02\/A040_11101731_S001_1600x560-320x202.jpg 320w, https:\/\/blog.montech-conveyors.com\/wp-content\/uploads\/2025\/02\/A040_11101731_S001_1600x560-700x441.jpg 700w\" sizes=\"(max-width: 700px) 100vw, 700px\" \/><\/a><\/li><\/ul><\/div><div class=\"recent-posts-content\"><span class=\"vcard\" style=\"display: none;\"><span class=\"fn\"><a href=\"https:\/\/blog.montech-conveyors.com\/de\/author\/admin\/\" rel=\"author\" class=\"molongui-author-link\" data-author-id=\"1\">Montech<\/a><\/span><\/span><span class=\"updated\" style=\"display:none;\">2025-06-13T06:04:10+00:00<\/span><h4 class=\"entry-title\"><a href=\"https:\/\/blog.montech-conveyors.com\/de\/25-jahre-partnerschaft-wie-unsere-loesungen-asytec-nach-vorne-bringen\/\">25 Jahre Partnerschaft: Wie unsere L\u00f6sungen Asytec nach vorne bringen<\/a><\/h4><p class=\"meta\"><span class=\"vcard\" style=\"display: none;\"><span class=\"fn\"><a href=\"https:\/\/blog.montech-conveyors.com\/de\/author\/admin\/\" rel=\"author\" class=\"molongui-author-link\" data-author-id=\"1\">Montech<\/a><\/span><\/span><span class=\"updated\" style=\"display:none;\">2025-06-13T06:04:10+00:00<\/span><span>Juni 2025<\/span><span class=\"fusion-inline-sep\">|<\/span><\/p><a href=\"https:\/\/blog.montech-conveyors.com\/de\/25-jahre-partnerschaft-wie-unsere-loesungen-asytec-nach-vorne-bringen\/\"><p> Hohe Taktzahlen, minimale Ausfallzeiten und maximale Flexibilit\u00e4t \u2013 die Anforderungen an moderne Produktionsanlagen steigen stetig. Sondermaschinenbauer wie die Asytec AG stehen unter Druck, effiziente und zuverl\u00e4ssige L\u00f6sungen zu liefern. Mit Gesch\u00e4ftsf\u00fchrer Jonas Egli sprechen<\/p><\/a><\/div><\/article><article class=\"post fusion-column column col col-lg-4 col-md-4 col-sm-4\"><div class=\"fusion-flexslider fusion-flexslider-loading flexslider flexslider-hover-type-none\"><ul class=\"slides\"><li><a href=\"https:\/\/blog.montech-conveyors.com\/de\/foerdertechnik-in-der-verpackungsindustrie\/\" aria-label=\"F\u00f6rdertechnik in der Verpackungsindustrie\" class=\"hover-type-none\"><img decoding=\"async\" width=\"700\" height=\"441\" src=\"https:\/\/blog.montech-conveyors.com\/wp-content\/uploads\/2025\/04\/industry-packaging.jpg-700x441.webp\" class=\"attachment-recent-posts size-recent-posts\" alt=\"\" srcset=\"https:\/\/blog.montech-conveyors.com\/wp-content\/uploads\/2025\/04\/industry-packaging.jpg-320x202.webp 320w, https:\/\/blog.montech-conveyors.com\/wp-content\/uploads\/2025\/04\/industry-packaging.jpg-700x441.webp 700w\" sizes=\"(max-width: 700px) 100vw, 700px\" \/><\/a><\/li><\/ul><\/div><div class=\"recent-posts-content\"><span class=\"vcard\" style=\"display: none;\"><span class=\"fn\"><a href=\"#molongui-disabled-link\" rel=\"author\" class=\"molongui-author-link\" data-author-id=\"6575\">Murat Simsir | Verkauf<\/a><\/span><\/span><span class=\"updated\" style=\"display:none;\">2025-06-26T06:30:19+00:00<\/span><h4 class=\"entry-title\"><a href=\"https:\/\/blog.montech-conveyors.com\/de\/foerdertechnik-in-der-verpackungsindustrie\/\">F\u00f6rdertechnik in der Verpackungsindustrie<\/a><\/h4><p class=\"meta\"><span class=\"vcard\" style=\"display: none;\"><span class=\"fn\"><a href=\"#molongui-disabled-link\" rel=\"author\" class=\"molongui-author-link\" data-author-id=\"6575\">Murat Simsir | Verkauf<\/a><\/span><\/span><span class=\"updated\" style=\"display:none;\">2025-06-26T06:30:19+00:00<\/span><span>Mai 2025<\/span><span class=\"fusion-inline-sep\">|<\/span><\/p><a href=\"https:\/\/blog.montech-conveyors.com\/de\/foerdertechnik-in-der-verpackungsindustrie\/\"><p>Die Verpackungsindustrie spielt in nahezu jedem Produktionsprozess eine entscheidende Rolle. Der dynamische Markt ist herausfordernd und verlangt schnelle, flexible und effiziente Prozesse. Die F\u00f6rdertechnik hilft, diese Aufgaben zu bew\u00e4ltigen. Die Verpackungsindustrie ist eine Schl\u00fcsselbranche, die<\/p><\/a><\/div><\/article><article class=\"post fusion-column column col col-lg-4 col-md-4 col-sm-4\"><div class=\"fusion-flexslider fusion-flexslider-loading flexslider flexslider-hover-type-none\"><ul class=\"slides\"><li><a href=\"https:\/\/blog.montech-conveyors.com\/de\/ein-blick-hinter-die-kulissen\/\" aria-label=\"Ein Blick hinter die Kulissen\" class=\"hover-type-none\"><img decoding=\"async\" width=\"700\" height=\"441\" src=\"https:\/\/blog.montech-conveyors.com\/wp-content\/uploads\/2025\/03\/Stimmen_2025-700x441.jpg\" class=\"attachment-recent-posts size-recent-posts\" alt=\"\" srcset=\"https:\/\/blog.montech-conveyors.com\/wp-content\/uploads\/2025\/03\/Stimmen_2025-320x202.jpg 320w, https:\/\/blog.montech-conveyors.com\/wp-content\/uploads\/2025\/03\/Stimmen_2025-700x441.jpg 700w\" sizes=\"(max-width: 700px) 100vw, 700px\" \/><\/a><\/li><\/ul><\/div><div class=\"recent-posts-content\"><span class=\"vcard\" style=\"display: none;\"><span class=\"fn\"><a href=\"#molongui-disabled-link\" rel=\"author\" class=\"molongui-author-link\" data-author-id=\"6314\">Stefanie Lanz | Kommunikation<\/a><\/span><\/span><span class=\"updated\" style=\"display:none;\">2025-05-27T06:52:16+00:00<\/span><h4 class=\"entry-title\"><a href=\"https:\/\/blog.montech-conveyors.com\/de\/ein-blick-hinter-die-kulissen\/\">Ein Blick hinter die Kulissen<\/a><\/h4><p class=\"meta\"><span class=\"vcard\" style=\"display: none;\"><span class=\"fn\"><a href=\"#molongui-disabled-link\" rel=\"author\" class=\"molongui-author-link\" data-author-id=\"6314\">Stefanie Lanz | Kommunikation<\/a><\/span><\/span><span class=\"updated\" style=\"display:none;\">2025-05-27T06:52:16+00:00<\/span><span>M\u00e4rz 2025<\/span><span class=\"fusion-inline-sep\">|<\/span><\/p><a href=\"https:\/\/blog.montech-conveyors.com\/de\/ein-blick-hinter-die-kulissen\/\"><p>Montech ist mehr als nur ein Arbeitsplatz. Es ist ein Ort, an dem sich Mitarbeitende entfalten, Herausforderungen meistern und gemeinsam an innovativen L\u00f6sungen arbeiten. Doch was macht das Unternehmen so besonders? Wir haben bei unseren<\/p><\/a><\/div><\/article><article class=\"post fusion-column column col col-lg-4 col-md-4 col-sm-4\"><div class=\"fusion-flexslider fusion-flexslider-loading flexslider flexslider-hover-type-none\"><ul class=\"slides\"><li><a href=\"https:\/\/blog.montech-conveyors.com\/de\/transfersysteme-faq-alles-was-sie-wissen-muessen\/\" aria-label=\"Transfersysteme-FAQ \u2013 alles, was Sie wissen m\u00fcssen\" class=\"hover-type-none\"><img decoding=\"async\" width=\"700\" height=\"441\" src=\"https:\/\/blog.montech-conveyors.com\/wp-content\/uploads\/2025\/02\/A040_11101731_S001_1600x560-700x441.jpg\" class=\"attachment-recent-posts size-recent-posts\" alt=\"\" srcset=\"https:\/\/blog.montech-conveyors.com\/wp-content\/uploads\/2025\/02\/A040_11101731_S001_1600x560-320x202.jpg 320w, https:\/\/blog.montech-conveyors.com\/wp-content\/uploads\/2025\/02\/A040_11101731_S001_1600x560-700x441.jpg 700w\" sizes=\"(max-width: 700px) 100vw, 700px\" \/><\/a><\/li><\/ul><\/div><div class=\"recent-posts-content\"><span class=\"vcard\" style=\"display: none;\"><span class=\"fn\"><a href=\"https:\/\/blog.montech-conveyors.com\/de\/author\/admin\/\" rel=\"author\" class=\"molongui-author-link\" data-author-id=\"1\">Montech<\/a><\/span><\/span><span class=\"updated\" style=\"display:none;\">2025-03-04T06:23:59+00:00<\/span><h4 class=\"entry-title\"><a href=\"https:\/\/blog.montech-conveyors.com\/de\/transfersysteme-faq-alles-was-sie-wissen-muessen\/\">Transfersysteme-FAQ \u2013 alles, was Sie wissen m\u00fcssen<\/a><\/h4><p class=\"meta\"><span class=\"vcard\" style=\"display: none;\"><span class=\"fn\"><a href=\"https:\/\/blog.montech-conveyors.com\/de\/author\/admin\/\" rel=\"author\" class=\"molongui-author-link\" data-author-id=\"1\">Montech<\/a><\/span><\/span><span class=\"updated\" style=\"display:none;\">2025-03-04T06:23:59+00:00<\/span><span>M\u00e4rz 2025<\/span><span class=\"fusion-inline-sep\">|<\/span><\/p><a href=\"https:\/\/blog.montech-conveyors.com\/de\/transfersysteme-faq-alles-was-sie-wissen-muessen\/\"><p>In der heutigen Produktionswelt spielen Transfersysteme eine Schl\u00fcsselrolle, um Abl\u00e4ufe zu automatisieren und die Effizienz zu steigern. Doch bevor Unternehmen in solche Systeme investieren, tauchen oft viele Fragen auf. Antworten darauf finden Sie hier.Was sind<\/p><\/a><\/div><\/article><article class=\"post fusion-column column col col-lg-4 col-md-4 col-sm-4\"><div class=\"fusion-flexslider fusion-flexslider-loading flexslider flexslider-hover-type-none\"><ul class=\"slides\"><li><a href=\"https:\/\/blog.montech-conveyors.com\/de\/ersatzteile-die-grundlage-fuer-einen-reibungslosen-betrieb-ihrer-foerderbaender\/\" aria-label=\"Ersatzteile: die Grundlage f\u00fcr einen reibungslosen Betrieb Ihrer F\u00f6rderb\u00e4nder\" class=\"hover-type-none\"><img decoding=\"async\" width=\"700\" height=\"441\" src=\"https:\/\/blog.montech-conveyors.com\/wp-content\/uploads\/2025\/01\/Ersatzteile-Blog-700x441.jpg\" class=\"attachment-recent-posts size-recent-posts\" alt=\"\" srcset=\"https:\/\/blog.montech-conveyors.com\/wp-content\/uploads\/2025\/01\/Ersatzteile-Blog-320x202.jpg 320w, https:\/\/blog.montech-conveyors.com\/wp-content\/uploads\/2025\/01\/Ersatzteile-Blog-700x441.jpg 700w\" sizes=\"(max-width: 700px) 100vw, 700px\" \/><\/a><\/li><\/ul><\/div><div class=\"recent-posts-content\"><span class=\"vcard\" style=\"display: none;\"><span class=\"fn\"><a href=\"#molongui-disabled-link\" rel=\"author\" class=\"molongui-author-link\" data-author-id=\"7737\">Stefania Biffi<\/a><\/span><\/span><span class=\"updated\" style=\"display:none;\">2025-03-27T08:07:11+00:00<\/span><h4 class=\"entry-title\"><a href=\"https:\/\/blog.montech-conveyors.com\/de\/ersatzteile-die-grundlage-fuer-einen-reibungslosen-betrieb-ihrer-foerderbaender\/\">Ersatzteile: die Grundlage f\u00fcr einen reibungslosen Betrieb Ihrer F\u00f6rderb\u00e4nder<\/a><\/h4><p class=\"meta\"><span class=\"vcard\" style=\"display: none;\"><span class=\"fn\"><a href=\"#molongui-disabled-link\" rel=\"author\" class=\"molongui-author-link\" data-author-id=\"7737\">Stefania Biffi<\/a><\/span><\/span><span class=\"updated\" style=\"display:none;\">2025-03-27T08:07:11+00:00<\/span><span>Februar 2025<\/span><span class=\"fusion-inline-sep\">|<\/span><\/p><a href=\"https:\/\/blog.montech-conveyors.com\/de\/ersatzteile-die-grundlage-fuer-einen-reibungslosen-betrieb-ihrer-foerderbaender\/\"><p>Bei der Arbeit mit F\u00f6rderb\u00e4ndern z\u00e4hlt vor allem eines: Verl\u00e4sslichkeit. Eine kleine St\u00f6rung kann schnell zu einem gro\u00dfen Problem werden, das die gesamte Produktion ins Stocken bringt. Umso wichtiger ist es, gut vorbereitet zu sein<\/p><\/a><\/div><\/article><\/section><\/div><\/div><style type=\"text\/css\">.fusion-body .fusion-builder-column-1{width:100% !important;margin-top : 0px;margin-bottom : 20px;}.fusion-builder-column-1 > .fusion-column-wrapper {padding-top : 0px !important;padding-right : 0px !important;margin-right : 1.92%;padding-bottom : 0px !important;padding-left : 0px !important;margin-left : 1.92%;}@media only screen and (max-width:767px) {.fusion-body .fusion-builder-column-1{width:100% !important;order : 0;}.fusion-builder-column-1 > .fusion-column-wrapper {margin-right : 1.92%;margin-left : 1.92%;}}@media only screen and (max-width:575px) {.fusion-body .fusion-builder-column-1{width:100% !important;order : 0;}.fusion-builder-column-1 > .fusion-column-wrapper {margin-right : 1.92%;margin-left : 1.92%;}}<\/style><\/div><\/div><style type=\"text\/css\">.fusion-body .fusion-flex-container.fusion-builder-row-2{ padding-top : 0px;margin-top : 0px;padding-right : 0px;padding-bottom : 0px;margin-bottom : 0px;padding-left : 0px;}<\/style><\/div>\n<\/p>\n","protected":false},"excerpt":{"rendered":"","protected":false},"author":1,"featured_media":7713,"comment_status":"open","ping_status":"open","sticky":false,"template":"","format":"standard","meta":{"footnotes":""},"categories":[243],"tags":[],"class_list":["post-7696","post","type-post","status-publish","format-standard","has-post-thumbnail","hentry","category-inside-montech"],"yoast_head":"<!-- This site is optimized with the Yoast SEO plugin v26.8 - https:\/\/yoast.com\/product\/yoast-seo-wordpress\/ -->\n<title>60 Jahre Montech: Ein Blick zur\u00fcck \u2013 und in die Zukunft - Montech News<\/title>\n<meta name=\"robots\" content=\"index, follow, max-snippet:-1, max-image-preview:large, max-video-preview:-1\" \/>\n<link rel=\"canonical\" href=\"https:\/\/blog.montech-conveyors.com\/de\/60-jahre-montech-ein-blick-zurueck-und-in-die-zukunft\/\" \/>\n<meta property=\"og:locale\" content=\"de_DE\" \/>\n<meta property=\"og:type\" content=\"article\" \/>\n<meta property=\"og:title\" content=\"60 Jahre Montech: Ein Blick zur\u00fcck \u2013 und in die Zukunft - Montech News\" \/>\n<meta property=\"og:url\" content=\"https:\/\/blog.montech-conveyors.com\/de\/60-jahre-montech-ein-blick-zurueck-und-in-die-zukunft\/\" \/>\n<meta property=\"og:site_name\" content=\"Montech News\" \/>\n<meta property=\"article:published_time\" content=\"2025-01-02T07:17:41+00:00\" \/>\n<meta property=\"article:modified_time\" content=\"2025-03-04T06:24:06+00:00\" \/>\n<meta property=\"og:image\" content=\"https:\/\/blog.montech-conveyors.com\/wp-content\/uploads\/2025\/01\/Montech-60-jahre-1024x376.gif\" \/>\n\t<meta property=\"og:image:width\" content=\"1024\" \/>\n\t<meta property=\"og:image:height\" content=\"376\" \/>\n\t<meta property=\"og:image:type\" content=\"image\/gif\" \/>\n<meta name=\"author\" content=\"Stefania Biffi\" \/>\n<meta name=\"twitter:card\" content=\"summary_large_image\" \/>\n<meta name=\"twitter:label1\" content=\"Verfasst von\" \/>\n\t<meta name=\"twitter:data1\" content=\"Stefania Biffi\" \/>\n\t<meta name=\"twitter:label2\" content=\"Gesch\u00e4tzte Lesezeit\" \/>\n\t<meta name=\"twitter:data2\" content=\"5\u00a0Minuten\" \/>\n<script type=\"application\/ld+json\" class=\"yoast-schema-graph\">{\"@context\":\"https:\/\/schema.org\",\"@graph\":[{\"@type\":\"Article\",\"@id\":\"https:\/\/blog.montech-conveyors.com\/de\/60-jahre-montech-ein-blick-zurueck-und-in-die-zukunft\/#article\",\"isPartOf\":{\"@id\":\"https:\/\/blog.montech-conveyors.com\/de\/60-jahre-montech-ein-blick-zurueck-und-in-die-zukunft\/\"},\"author\":{\"name\":\"Stefania Biffi\",\"@id\":\"https:\/\/blog.montech.com\/#\/schema\/person\/df3a98dbbc6bcee0ec72ba488367444d\"},\"headline\":\"60 Jahre Montech: Ein Blick zur\u00fcck \u2013 und in die Zukunft\",\"datePublished\":\"2025-01-02T07:17:41+00:00\",\"dateModified\":\"2025-03-04T06:24:06+00:00\",\"mainEntityOfPage\":{\"@id\":\"https:\/\/blog.montech-conveyors.com\/de\/60-jahre-montech-ein-blick-zurueck-und-in-die-zukunft\/\"},\"wordCount\":981,\"commentCount\":0,\"image\":{\"@id\":\"https:\/\/blog.montech-conveyors.com\/de\/60-jahre-montech-ein-blick-zurueck-und-in-die-zukunft\/#primaryimage\"},\"thumbnailUrl\":\"https:\/\/blog.montech-conveyors.com\/wp-content\/uploads\/2025\/01\/Montech-60-jahre.gif\",\"articleSection\":[\"Inside Montech\"],\"inLanguage\":\"de\",\"potentialAction\":[{\"@type\":\"CommentAction\",\"name\":\"Comment\",\"target\":[\"https:\/\/blog.montech-conveyors.com\/de\/60-jahre-montech-ein-blick-zurueck-und-in-die-zukunft\/#respond\"]}]},{\"@type\":\"WebPage\",\"@id\":\"https:\/\/blog.montech-conveyors.com\/de\/60-jahre-montech-ein-blick-zurueck-und-in-die-zukunft\/\",\"url\":\"https:\/\/blog.montech-conveyors.com\/de\/60-jahre-montech-ein-blick-zurueck-und-in-die-zukunft\/\",\"name\":\"60 Jahre Montech: Ein Blick zur\u00fcck \u2013 und in die Zukunft - Montech News\",\"isPartOf\":{\"@id\":\"https:\/\/blog.montech.com\/#website\"},\"primaryImageOfPage\":{\"@id\":\"https:\/\/blog.montech-conveyors.com\/de\/60-jahre-montech-ein-blick-zurueck-und-in-die-zukunft\/#primaryimage\"},\"image\":{\"@id\":\"https:\/\/blog.montech-conveyors.com\/de\/60-jahre-montech-ein-blick-zurueck-und-in-die-zukunft\/#primaryimage\"},\"thumbnailUrl\":\"https:\/\/blog.montech-conveyors.com\/wp-content\/uploads\/2025\/01\/Montech-60-jahre.gif\",\"datePublished\":\"2025-01-02T07:17:41+00:00\",\"dateModified\":\"2025-03-04T06:24:06+00:00\",\"author\":{\"@id\":\"https:\/\/blog.montech.com\/#\/schema\/person\/df3a98dbbc6bcee0ec72ba488367444d\"},\"breadcrumb\":{\"@id\":\"https:\/\/blog.montech-conveyors.com\/de\/60-jahre-montech-ein-blick-zurueck-und-in-die-zukunft\/#breadcrumb\"},\"inLanguage\":\"de\",\"potentialAction\":[{\"@type\":\"ReadAction\",\"target\":[\"https:\/\/blog.montech-conveyors.com\/de\/60-jahre-montech-ein-blick-zurueck-und-in-die-zukunft\/\"]}]},{\"@type\":\"ImageObject\",\"inLanguage\":\"de\",\"@id\":\"https:\/\/blog.montech-conveyors.com\/de\/60-jahre-montech-ein-blick-zurueck-und-in-die-zukunft\/#primaryimage\",\"url\":\"https:\/\/blog.montech-conveyors.com\/wp-content\/uploads\/2025\/01\/Montech-60-jahre.gif\",\"contentUrl\":\"https:\/\/blog.montech-conveyors.com\/wp-content\/uploads\/2025\/01\/Montech-60-jahre.gif\",\"width\":1176,\"height\":432},{\"@type\":\"BreadcrumbList\",\"@id\":\"https:\/\/blog.montech-conveyors.com\/de\/60-jahre-montech-ein-blick-zurueck-und-in-die-zukunft\/#breadcrumb\",\"itemListElement\":[{\"@type\":\"ListItem\",\"position\":1,\"name\":\"Home\",\"item\":\"https:\/\/www.blog.montech.com\/de\/\"},{\"@type\":\"ListItem\",\"position\":2,\"name\":\"60 Jahre Montech: Ein Blick zur\u00fcck \u2013 und in die Zukunft\"}]},{\"@type\":\"WebSite\",\"@id\":\"https:\/\/blog.montech.com\/#website\",\"url\":\"https:\/\/blog.montech.com\/\",\"name\":\"Montech News\",\"description\":\"Montech News\",\"potentialAction\":[{\"@type\":\"SearchAction\",\"target\":{\"@type\":\"EntryPoint\",\"urlTemplate\":\"https:\/\/blog.montech.com\/?s={search_term_string}\"},\"query-input\":{\"@type\":\"PropertyValueSpecification\",\"valueRequired\":true,\"valueName\":\"search_term_string\"}}],\"inLanguage\":\"de\"},{\"@type\":\"Person\",\"@id\":\"https:\/\/blog.montech.com\/#\/schema\/person\/df3a98dbbc6bcee0ec72ba488367444d\",\"name\":\"Stefania Biffi\",\"image\":{\"@type\":\"ImageObject\",\"inLanguage\":\"de\",\"@id\":\"https:\/\/blog.montech.com\/#\/schema\/person\/image\/\",\"url\":\"https:\/\/blog.montech-conveyors.com\/wp-content\/uploads\/2022\/09\/Stefania_1820x2210-149x150.jpg\",\"contentUrl\":\"https:\/\/blog.montech-conveyors.com\/wp-content\/uploads\/2022\/09\/Stefania_1820x2210-149x150.jpg\",\"caption\":\"Stefania Biffi\"},\"url\":\"#molongui-disabled-link\"}]}<\/script>\n<!-- \/ Yoast SEO plugin. -->","yoast_head_json":{"title":"60 Jahre Montech: Ein Blick zur\u00fcck \u2013 und in die Zukunft - Montech News","robots":{"index":"index","follow":"follow","max-snippet":"max-snippet:-1","max-image-preview":"max-image-preview:large","max-video-preview":"max-video-preview:-1"},"canonical":"https:\/\/blog.montech-conveyors.com\/de\/60-jahre-montech-ein-blick-zurueck-und-in-die-zukunft\/","og_locale":"de_DE","og_type":"article","og_title":"60 Jahre Montech: Ein Blick zur\u00fcck \u2013 und in die Zukunft - Montech News","og_url":"https:\/\/blog.montech-conveyors.com\/de\/60-jahre-montech-ein-blick-zurueck-und-in-die-zukunft\/","og_site_name":"Montech News","article_published_time":"2025-01-02T07:17:41+00:00","article_modified_time":"2025-03-04T06:24:06+00:00","og_image":[{"width":1024,"height":376,"url":"https:\/\/blog.montech-conveyors.com\/wp-content\/uploads\/2025\/01\/Montech-60-jahre-1024x376.gif","type":"image\/gif"}],"author":"Stefania Biffi","twitter_card":"summary_large_image","twitter_misc":{"Verfasst von":"Stefania Biffi","Gesch\u00e4tzte Lesezeit":"5\u00a0Minuten"},"schema":{"@context":"https:\/\/schema.org","@graph":[{"@type":"Article","@id":"https:\/\/blog.montech-conveyors.com\/de\/60-jahre-montech-ein-blick-zurueck-und-in-die-zukunft\/#article","isPartOf":{"@id":"https:\/\/blog.montech-conveyors.com\/de\/60-jahre-montech-ein-blick-zurueck-und-in-die-zukunft\/"},"author":{"name":"Stefania Biffi","@id":"https:\/\/blog.montech.com\/#\/schema\/person\/df3a98dbbc6bcee0ec72ba488367444d"},"headline":"60 Jahre Montech: Ein Blick zur\u00fcck \u2013 und in die Zukunft","datePublished":"2025-01-02T07:17:41+00:00","dateModified":"2025-03-04T06:24:06+00:00","mainEntityOfPage":{"@id":"https:\/\/blog.montech-conveyors.com\/de\/60-jahre-montech-ein-blick-zurueck-und-in-die-zukunft\/"},"wordCount":981,"commentCount":0,"image":{"@id":"https:\/\/blog.montech-conveyors.com\/de\/60-jahre-montech-ein-blick-zurueck-und-in-die-zukunft\/#primaryimage"},"thumbnailUrl":"https:\/\/blog.montech-conveyors.com\/wp-content\/uploads\/2025\/01\/Montech-60-jahre.gif","articleSection":["Inside Montech"],"inLanguage":"de","potentialAction":[{"@type":"CommentAction","name":"Comment","target":["https:\/\/blog.montech-conveyors.com\/de\/60-jahre-montech-ein-blick-zurueck-und-in-die-zukunft\/#respond"]}]},{"@type":"WebPage","@id":"https:\/\/blog.montech-conveyors.com\/de\/60-jahre-montech-ein-blick-zurueck-und-in-die-zukunft\/","url":"https:\/\/blog.montech-conveyors.com\/de\/60-jahre-montech-ein-blick-zurueck-und-in-die-zukunft\/","name":"60 Jahre Montech: Ein Blick zur\u00fcck \u2013 und in die Zukunft - Montech News","isPartOf":{"@id":"https:\/\/blog.montech.com\/#website"},"primaryImageOfPage":{"@id":"https:\/\/blog.montech-conveyors.com\/de\/60-jahre-montech-ein-blick-zurueck-und-in-die-zukunft\/#primaryimage"},"image":{"@id":"https:\/\/blog.montech-conveyors.com\/de\/60-jahre-montech-ein-blick-zurueck-und-in-die-zukunft\/#primaryimage"},"thumbnailUrl":"https:\/\/blog.montech-conveyors.com\/wp-content\/uploads\/2025\/01\/Montech-60-jahre.gif","datePublished":"2025-01-02T07:17:41+00:00","dateModified":"2025-03-04T06:24:06+00:00","author":{"@id":"https:\/\/blog.montech.com\/#\/schema\/person\/df3a98dbbc6bcee0ec72ba488367444d"},"breadcrumb":{"@id":"https:\/\/blog.montech-conveyors.com\/de\/60-jahre-montech-ein-blick-zurueck-und-in-die-zukunft\/#breadcrumb"},"inLanguage":"de","potentialAction":[{"@type":"ReadAction","target":["https:\/\/blog.montech-conveyors.com\/de\/60-jahre-montech-ein-blick-zurueck-und-in-die-zukunft\/"]}]},{"@type":"ImageObject","inLanguage":"de","@id":"https:\/\/blog.montech-conveyors.com\/de\/60-jahre-montech-ein-blick-zurueck-und-in-die-zukunft\/#primaryimage","url":"https:\/\/blog.montech-conveyors.com\/wp-content\/uploads\/2025\/01\/Montech-60-jahre.gif","contentUrl":"https:\/\/blog.montech-conveyors.com\/wp-content\/uploads\/2025\/01\/Montech-60-jahre.gif","width":1176,"height":432},{"@type":"BreadcrumbList","@id":"https:\/\/blog.montech-conveyors.com\/de\/60-jahre-montech-ein-blick-zurueck-und-in-die-zukunft\/#breadcrumb","itemListElement":[{"@type":"ListItem","position":1,"name":"Home","item":"https:\/\/www.blog.montech.com\/de\/"},{"@type":"ListItem","position":2,"name":"60 Jahre Montech: Ein Blick zur\u00fcck \u2013 und in die Zukunft"}]},{"@type":"WebSite","@id":"https:\/\/blog.montech.com\/#website","url":"https:\/\/blog.montech.com\/","name":"Montech News","description":"Montech News","potentialAction":[{"@type":"SearchAction","target":{"@type":"EntryPoint","urlTemplate":"https:\/\/blog.montech.com\/?s={search_term_string}"},"query-input":{"@type":"PropertyValueSpecification","valueRequired":true,"valueName":"search_term_string"}}],"inLanguage":"de"},{"@type":"Person","@id":"https:\/\/blog.montech.com\/#\/schema\/person\/df3a98dbbc6bcee0ec72ba488367444d","name":"Stefania Biffi","image":{"@type":"ImageObject","inLanguage":"de","@id":"https:\/\/blog.montech.com\/#\/schema\/person\/image\/","url":"https:\/\/blog.montech-conveyors.com\/wp-content\/uploads\/2022\/09\/Stefania_1820x2210-149x150.jpg","contentUrl":"https:\/\/blog.montech-conveyors.com\/wp-content\/uploads\/2022\/09\/Stefania_1820x2210-149x150.jpg","caption":"Stefania Biffi"},"url":"#molongui-disabled-link"}]}},"_links":{"self":[{"href":"https:\/\/blog.montech-conveyors.com\/de\/wp-json\/wp\/v2\/posts\/7696","targetHints":{"allow":["GET"]}}],"collection":[{"href":"https:\/\/blog.montech-conveyors.com\/de\/wp-json\/wp\/v2\/posts"}],"about":[{"href":"https:\/\/blog.montech-conveyors.com\/de\/wp-json\/wp\/v2\/types\/post"}],"author":[{"embeddable":true,"href":"https:\/\/blog.montech-conveyors.com\/de\/wp-json\/wp\/v2\/users\/1"}],"replies":[{"embeddable":true,"href":"https:\/\/blog.montech-conveyors.com\/de\/wp-json\/wp\/v2\/comments?post=7696"}],"version-history":[{"count":4,"href":"https:\/\/blog.montech-conveyors.com\/de\/wp-json\/wp\/v2\/posts\/7696\/revisions"}],"predecessor-version":[{"id":7717,"href":"https:\/\/blog.montech-conveyors.com\/de\/wp-json\/wp\/v2\/posts\/7696\/revisions\/7717"}],"wp:featuredmedia":[{"embeddable":true,"href":"https:\/\/blog.montech-conveyors.com\/de\/wp-json\/wp\/v2\/media\/7713"}],"wp:attachment":[{"href":"https:\/\/blog.montech-conveyors.com\/de\/wp-json\/wp\/v2\/media?parent=7696"}],"wp:term":[{"taxonomy":"category","embeddable":true,"href":"https:\/\/blog.montech-conveyors.com\/de\/wp-json\/wp\/v2\/categories?post=7696"},{"taxonomy":"post_tag","embeddable":true,"href":"https:\/\/blog.montech-conveyors.com\/de\/wp-json\/wp\/v2\/tags?post=7696"}],"curies":[{"name":"wp","href":"https:\/\/api.w.org\/{rel}","templated":true}]}}